{"id":20121,"date":"2026-01-27T17:38:25","date_gmt":"2026-01-27T16:38:25","guid":{"rendered":"https:\/\/www.cointecsrl.it\/cms\/?p=20121"},"modified":"2026-01-27T17:38:27","modified_gmt":"2026-01-27T16:38:27","slug":"epidemia-colposa-omissiva-aria-indoor","status":"publish","type":"post","link":"https:\/\/www.cointecsrl.it\/cms\/news\/epidemia-colposa-omissiva-aria-indoor\/","title":{"rendered":"Epidemia colposa omissiva: cosa significa per chi gestisce ambienti indoor (e perch\u00e9 la prevenzione parte dagli impianti)"},"content":{"rendered":"\n<p>Il tema dell\u2019epidemia colposa omissiva \u00e8 tornato al centro dell\u2019attenzione a seguito di una recente pronuncia della <a href=\"https:\/\/www.cortedicassazione.it\/it\/qsp_dettaglio.page?contentId=QSP34935&amp;\"><strong>Corte di Cassazione<\/strong><\/a>, che ha ribadito un principio molto concreto: <strong>la tutela della salute collettiva non riguarda solo ci\u00f2 che si fa, ma anche ci\u00f2 che si omette di fare quando esiste un obbligo di prevenzione<\/strong>.<\/p>\n\n\n\n<p>In particolare, le <strong>Sezioni Unite<\/strong> hanno chiarito che <strong>il delitto di epidemia colposa pu\u00f2 configurarsi anche attraverso una condotta omissiva<\/strong>, cio\u00e8 per \u201cnon aver impedito\u201d un evento che si aveva il dovere giuridico di impedire.<\/p>\n\n\n\n<p>Per chi gestisce ambienti indoor (uffici, scuole, hotel, strutture sanitarie, ambienti produttivi), questa non \u00e8 una questione astratta: richiama la necessit\u00e0 di un approccio <strong>proattivo e documentabile<\/strong> alla prevenzione dei rischi, compresi quelli legati alla <strong>qualit\u00e0 dell\u2019aria interna<\/strong> e alla corretta gestione degli <strong>impianti aeraulici<\/strong>.<\/p>\n\n\n<div class=\"wp-block-image\">\n<figure class=\"aligncenter size-full\"><img fetchpriority=\"high\" decoding=\"async\" width=\"1024\" height=\"576\" src=\"https:\/\/www.cointecsrl.it\/cms\/wp-content\/uploads\/2026\/01\/1-1.jpg\" alt=\"Epidemia colposa omissiva\" class=\"wp-image-20131\" srcset=\"https:\/\/www.cointecsrl.it\/cms\/wp-content\/uploads\/2026\/01\/1-1.jpg 1024w, https:\/\/www.cointecsrl.it\/cms\/wp-content\/uploads\/2026\/01\/1-1-300x169.jpg 300w, https:\/\/www.cointecsrl.it\/cms\/wp-content\/uploads\/2026\/01\/1-1-768x432.jpg 768w, https:\/\/www.cointecsrl.it\/cms\/wp-content\/uploads\/2026\/01\/1-1-700x394.jpg 700w, https:\/\/www.cointecsrl.it\/cms\/wp-content\/uploads\/2026\/01\/1-1-539x303.jpg 539w\" sizes=\"(max-width: 1024px) 100vw, 1024px\" \/><\/figure>\n<\/div>\n\n\n<p><\/p>\n\n\n\n<div id=\"ez-toc-container\" class=\"ez-toc-v2_0_81 ez-toc-wrap-center counter-hierarchy ez-toc-counter ez-toc-grey ez-toc-container-direction\">\n<div class=\"ez-toc-title-container\">\n<p class=\"ez-toc-title\" style=\"cursor:inherit\">Indice dei contenuti<\/p>\n<span class=\"ez-toc-title-toggle\"><a href=\"#\" class=\"ez-toc-pull-right ez-toc-btn ez-toc-btn-xs ez-toc-btn-default ez-toc-toggle\" aria-label=\"Toggle Table of Content\"><span class=\"ez-toc-js-icon-con\"><span class=\"\"><span class=\"eztoc-hide\" style=\"display:none;\">Toggle<\/span><span class=\"ez-toc-icon-toggle-span\"><svg style=\"fill: #999;color:#999\" xmlns=\"http:\/\/www.w3.org\/2000\/svg\" class=\"list-377408\" width=\"20px\" height=\"20px\" viewBox=\"0 0 24 24\" fill=\"none\"><path d=\"M6 6H4v2h2V6zm14 0H8v2h12V6zM4 11h2v2H4v-2zm16 0H8v2h12v-2zM4 16h2v2H4v-2zm16 0H8v2h12v-2z\" fill=\"currentColor\"><\/path><\/svg><svg style=\"fill: #999;color:#999\" class=\"arrow-unsorted-368013\" xmlns=\"http:\/\/www.w3.org\/2000\/svg\" width=\"10px\" height=\"10px\" viewBox=\"0 0 24 24\" version=\"1.2\" baseProfile=\"tiny\"><path d=\"M18.2 9.3l-6.2-6.3-6.2 6.3c-.2.2-.3.4-.3.7s.1.5.3.7c.2.2.4.3.7.3h11c.3 0 .5-.1.7-.3.2-.2.3-.5.3-.7s-.1-.5-.3-.7zM5.8 14.7l6.2 6.3 6.2-6.3c.2-.2.3-.5.3-.7s-.1-.5-.3-.7c-.2-.2-.4-.3-.7-.3h-11c-.3 0-.5.1-.7.3-.2.2-.3.5-.3.7s.1.5.3.7z\"\/><\/svg><\/span><\/span><\/span><\/a><\/span><\/div>\n<nav><ul class='ez-toc-list ez-toc-list-level-1 ' ><li class='ez-toc-page-1 ez-toc-heading-level-2'><a class=\"ez-toc-link ez-toc-heading-1\" href=\"https:\/\/www.cointecsrl.it\/cms\/news\/epidemia-colposa-omissiva-aria-indoor\/#Cosa_significa_%E2%80%9Cepidemia_colposa_omissiva%E2%80%9D_in_parole_semplici\" >Cosa significa \u201cepidemia colposa omissiva\u201d in parole semplici<\/a><\/li><li class='ez-toc-page-1 ez-toc-heading-level-2'><a class=\"ez-toc-link ez-toc-heading-2\" href=\"https:\/\/www.cointecsrl.it\/cms\/news\/epidemia-colposa-omissiva-aria-indoor\/#Perche_questa_notizia_riguarda_anche_la_qualita_dellaria_indoor\" >Perch\u00e9 questa notizia riguarda anche la qualit\u00e0 dell\u2019aria indoor?<\/a><\/li><li class='ez-toc-page-1 ez-toc-heading-level-2'><a class=\"ez-toc-link ez-toc-heading-3\" href=\"https:\/\/www.cointecsrl.it\/cms\/news\/epidemia-colposa-omissiva-aria-indoor\/#Dalla_teoria_alla_pratica_cosa_cambia_per_chi_ha_%E2%80%9Cposizioni_di_garanzia%E2%80%9D\" >Dalla teoria alla pratica: cosa cambia per chi ha \u201cposizioni di garanzia\u201d<\/a><\/li><li class='ez-toc-page-1 ez-toc-heading-level-2'><a class=\"ez-toc-link ez-toc-heading-4\" href=\"https:\/\/www.cointecsrl.it\/cms\/news\/epidemia-colposa-omissiva-aria-indoor\/#5_pilastri_di_prevenzione_%E2%80%9Cdifendibile%E2%80%9D_sulla_qualita_dellaria_indoor\" >5 pilastri di prevenzione \u201cdifendibile\u201d sulla qualit\u00e0 dell\u2019aria indoor<\/a><ul class='ez-toc-list-level-3' ><li class='ez-toc-heading-level-3'><a class=\"ez-toc-link ez-toc-heading-5\" href=\"https:\/\/www.cointecsrl.it\/cms\/news\/epidemia-colposa-omissiva-aria-indoor\/#1_Un_piano_di_gestione_non_solo_interventi_spot\" >1) Un piano di gestione (non solo interventi spot)<\/a><\/li><li class='ez-toc-page-1 ez-toc-heading-level-3'><a class=\"ez-toc-link ez-toc-heading-6\" href=\"https:\/\/www.cointecsrl.it\/cms\/news\/epidemia-colposa-omissiva-aria-indoor\/#2_Manutenzione_e_igiene_degli_impianti_aeraulici_con_metodo\" >2) Manutenzione e igiene degli impianti aeraulici (con metodo)<\/a><\/li><li class='ez-toc-page-1 ez-toc-heading-level-3'><a class=\"ez-toc-link ez-toc-heading-7\" href=\"https:\/\/www.cointecsrl.it\/cms\/news\/epidemia-colposa-omissiva-aria-indoor\/#3_Monitoraggio_la_CO%E2%82%82_come_indicatore_pratico_e_non_solo\" >3) Monitoraggio: la CO\u2082 come indicatore pratico (e non solo)<\/a><\/li><li class='ez-toc-page-1 ez-toc-heading-level-3'><a class=\"ez-toc-link ez-toc-heading-8\" href=\"https:\/\/www.cointecsrl.it\/cms\/news\/epidemia-colposa-omissiva-aria-indoor\/#4_Evidenze_tecniche_e_documentazione_il_%E2%80%9Cregistro%E2%80%9D_che_fa_la_differenza\" >4) Evidenze tecniche e documentazione: il \u201cregistro\u201d che fa la differenza<\/a><\/li><li class='ez-toc-page-1 ez-toc-heading-level-3'><a class=\"ez-toc-link ez-toc-heading-9\" href=\"https:\/\/www.cointecsrl.it\/cms\/news\/epidemia-colposa-omissiva-aria-indoor\/#5_Campionamenti_e_analisi_microbiologiche_quando_servono_e_come_impostarle\" >5) Campionamenti e analisi microbiologiche: quando servono (e come impostarle)<\/a><\/li><\/ul><\/li><li class='ez-toc-page-1 ez-toc-heading-level-2'><a class=\"ez-toc-link ez-toc-heading-10\" href=\"https:\/\/www.cointecsrl.it\/cms\/news\/epidemia-colposa-omissiva-aria-indoor\/#Checklist_rapida_10_segnali_che_meritano_attenzione_senza_panico\" >Checklist rapida: 10 segnali che meritano attenzione (senza panico)<\/a><\/li><li class='ez-toc-page-1 ez-toc-heading-level-2'><a class=\"ez-toc-link ez-toc-heading-11\" href=\"https:\/\/www.cointecsrl.it\/cms\/news\/epidemia-colposa-omissiva-aria-indoor\/#Domande_frequenti_su_epidemia_colposa_omissiva_e_gestione_degli_impianti_indoor\" >Domande frequenti su epidemia colposa omissiva e gestione degli impianti indoor<\/a><\/li><\/ul><\/nav><\/div>\n<h2 class=\"wp-block-heading\"><span class=\"ez-toc-section\" id=\"Cosa_significa_%E2%80%9Cepidemia_colposa_omissiva%E2%80%9D_in_parole_semplici\"><\/span>Cosa significa \u201cepidemia colposa omissiva\u201d in parole semplici<span class=\"ez-toc-section-end\"><\/span><\/h2>\n\n\n\n<p>Cominciamo dalle basi. Nel Codice Penale il delitto di epidemia \u00e8 disciplinato dall\u2019<strong>art. <\/strong><a href=\"https:\/\/www.gazzettaufficiale.it\/atto\/serie_generale\/caricaArticolo?art.codiceRedazionale=030U1398&amp;art.dataPubblicazioneGazzetta=1930-10-26&amp;art.flagTipoArticolo=1&amp;art.idArticolo=438&amp;art.idGruppo=36&amp;art.idSottoArticolo=1&amp;art.idSottoArticolo1=10&amp;art.progressivo=0&amp;art.versione=3\"><strong>438<\/strong><\/a><strong> c.p.<\/strong> (epidemia) e, nella forma colposa, dall\u2019<strong>art. 452 c.p.<\/strong> (delitti colposi contro la salute pubblica, che richiama l\u2019epidemia colposa).<\/p>\n\n\n\n<p>Il punto discusso negli ultimi anni \u00e8 stato questo: <strong>si pu\u00f2 parlare di epidemia colposa anche quando non c\u2019\u00e8 una \u201ccondotta attiva\u201d di diffusione, ma un\u2019omissione?<\/strong> Le Sezioni Unite hanno risposto in senso affermativo, in presenza dei presupposti richiesti per i reati omissivi impropri, richiamando anche la regola generale dell\u2019<strong>art. 40, comma 2, c.p.<\/strong>: <a href=\"https:\/\/www.gazzettaufficiale.it\/atto\/serie_generale\/caricaArticolo?art.versione=1&amp;art.idGruppo=5&amp;art.flagTipoArticolo=1&amp;art.codiceRedazionale=030U1398&amp;art.idArticolo=40&amp;art.idSottoArticolo=1&amp;art.idSottoArticolo1=10&amp;art.dataPubblicazioneGazzetta=1930-10-26&amp;art.progressivo=0\"><strong><em>non impedire un evento che si ha l\u2019obbligo giuridico di impedire equivale a cagionarlo<\/em><\/strong><em>.<\/em><\/a><em><\/em><\/p>\n\n\n\n<p>In sintesi, <strong>l\u2019omissione diventa penalmente rilevante<\/strong> quando:<\/p>\n\n\n\n<ul class=\"wp-block-list\" type=\"1\" start=\"1\">\n<li>esiste un <strong>obbligo giuridico<\/strong> di attivarsi (posizione di garanzia),<\/li>\n\n\n\n<li>l\u2019omissione \u00e8 collegata all\u2019evento da un <strong>nesso causale<\/strong> (valutato secondo i criteri propri della materia),<\/li>\n\n\n\n<li>l\u2019omissione \u00e8 connotata da <strong>colpa<\/strong> (negligenza, imprudenza, imperizia, o violazione di regole cautelari).<\/li>\n<\/ul>\n\n\n\n<p><\/p>\n\n\n\n<h2 class=\"wp-block-heading\"><span class=\"ez-toc-section\" id=\"Perche_questa_notizia_riguarda_anche_la_qualita_dellaria_indoor\"><\/span>Perch\u00e9 questa notizia riguarda anche la qualit\u00e0 dell\u2019aria indoor?<span class=\"ez-toc-section-end\"><\/span><\/h2>\n\n\n\n<p>Quando si parla di salute collettiva e prevenzione, la <a href=\"https:\/\/www.cointecsrl.it\/cms\/verifiche-igieniche-bonifiche-e-sanificazione\/\"><strong>qualit\u00e0<\/strong><\/a> dell\u2019aria indoor entra in gioco perch\u00e9:<\/p>\n\n\n\n<ul class=\"wp-block-list\">\n<li>molte persone trascorrono gran parte della giornata in ambienti chiusi;<\/li>\n\n\n\n<li>ventilazione, filtrazione e manutenzione influiscono su comfort, benessere e gestione del rischio;<\/li>\n\n\n\n<li>la prevenzione efficace richiede <strong>misure tecniche<\/strong>, <strong>procedure<\/strong> e soprattutto <strong>tracciabilit\u00e0<\/strong>.<\/li>\n<\/ul>\n\n\n\n<p><\/p>\n\n\n\n<p>Negli ambienti indoor, infatti, i \u201csegnali\u201d di un problema spesso sono subdoli: <a href=\"https:\/\/www.cointecsrl.it\/cms\/news\/5-segnali-che-ti-dicono-che-aria-in-casa-non-e-pulita\/\"><strong>aria pesante<\/strong>, <strong>odori ricorrenti<\/strong>, <strong>umidit\u00e0 fuori controllo<\/strong>, <strong>polveri<\/strong>, <strong>irritazioni<\/strong>,<\/a> calo di concentrazione. Cointec lo racconta gi\u00e0 in modo chiaro in contenuti divulgativi dedicati ai segnali in casa e al ruolo del monitoraggio.<\/p>\n\n\n\n<p>Il punto non \u00e8 \u201cfare allarmismo\u201d, ma mettere in campo una gestione che regga anche a una domanda semplice: <strong>\u00abCosa hai fatto, quando, come e con quali evidenze?\u00bb.<\/strong><\/p>\n\n\n\n<h2 class=\"wp-block-heading\"><span class=\"ez-toc-section\" id=\"Dalla_teoria_alla_pratica_cosa_cambia_per_chi_ha_%E2%80%9Cposizioni_di_garanzia%E2%80%9D\"><\/span>Dalla teoria alla pratica: cosa cambia per chi ha \u201cposizioni di garanzia\u201d<span class=\"ez-toc-section-end\"><\/span><\/h2>\n\n\n\n<p>La pronuncia delle Sezioni Unite \u00e8 rilevante soprattutto per chi ricopre ruoli con responsabilit\u00e0 organizzative e di prevenzione (datori di lavoro, dirigenti, preposti, funzioni HSE\/RSPP, facility management).<\/p>\n\n\n\n<p>Traslando il concetto in un contesto \u201caria indoor\u201d, significa che <strong>non basta intervenire quando il problema esplode<\/strong>: serve dimostrare di aver lavorato prima su:<\/p>\n\n\n\n<ul class=\"wp-block-list\">\n<li>prevenzione,<\/li>\n\n\n\n<li>controllo,<\/li>\n\n\n\n<li>manutenzione,<\/li>\n\n\n\n<li>miglioramento continuo.<\/li>\n<\/ul>\n\n\n\n<p><\/p>\n\n\n\n<p>Questa logica \u00e8 coerente con un principio operativo che noi di Cointec ribadiamo in diversi contenuti: <a href=\"https:\/\/www.cointecsrl.it\/cms\/news\/fasi-pulizia-efficace-impianto-aerazione\/\"><strong>misurare, intervenire, verificare e documentare<\/strong> <\/a>(videoispezioni, campionamenti, report, piano di controllo).<\/p>\n\n\n<div class=\"wp-block-image\">\n<figure class=\"aligncenter size-full\"><img decoding=\"async\" width=\"1024\" height=\"576\" src=\"https:\/\/www.cointecsrl.it\/cms\/wp-content\/uploads\/2026\/01\/2-1.jpg\" alt=\"Epidemia colposa omissiva\" class=\"wp-image-20132\" srcset=\"https:\/\/www.cointecsrl.it\/cms\/wp-content\/uploads\/2026\/01\/2-1.jpg 1024w, https:\/\/www.cointecsrl.it\/cms\/wp-content\/uploads\/2026\/01\/2-1-300x169.jpg 300w, https:\/\/www.cointecsrl.it\/cms\/wp-content\/uploads\/2026\/01\/2-1-768x432.jpg 768w, https:\/\/www.cointecsrl.it\/cms\/wp-content\/uploads\/2026\/01\/2-1-700x394.jpg 700w, https:\/\/www.cointecsrl.it\/cms\/wp-content\/uploads\/2026\/01\/2-1-539x303.jpg 539w\" sizes=\"(max-width: 1024px) 100vw, 1024px\" \/><\/figure>\n<\/div>\n\n\n<p><\/p>\n\n\n\n<p>Vuoi sapere se l\u2019aria nei tuoi ambienti \u00e8 davvero sana? <a href=\"https:\/\/www.cointecsrl.it\/cms\/#contatto\"><strong>Richiedi subito una nostra consulenza tecnica<\/strong><\/a>.<\/p>\n\n\n\n<h2 class=\"wp-block-heading\"><span class=\"ez-toc-section\" id=\"5_pilastri_di_prevenzione_%E2%80%9Cdifendibile%E2%80%9D_sulla_qualita_dellaria_indoor\"><\/span>5 pilastri di prevenzione \u201cdifendibile\u201d sulla qualit\u00e0 dell\u2019aria indoor<span class=\"ez-toc-section-end\"><\/span><\/h2>\n\n\n\n<h3 class=\"wp-block-heading\"><span class=\"ez-toc-section\" id=\"1_Un_piano_di_gestione_non_solo_interventi_spot\"><\/span>1) Un piano di gestione (non solo interventi spot)<span class=\"ez-toc-section-end\"><\/span><\/h3>\n\n\n\n<p><\/p>\n\n\n\n<p>Un impianto non si gestisce \u201ca chiamata\u201d quando qualcosa non va. Serve un piano che definisca:<\/p>\n\n\n\n<ul class=\"wp-block-list\">\n<li>frequenze,<\/li>\n\n\n\n<li>responsabilit\u00e0,<\/li>\n\n\n\n<li>criteri di priorit\u00e0 (tipologia edificio, affollamento, criticit\u00e0),<\/li>\n\n\n\n<li>indicatori e soglie operative.<\/li>\n<\/ul>\n\n\n\n<p><\/p>\n\n\n\n<p><a href=\"https:\/\/www.cointecsrl.it\/cms\/news\/manutenzione-impianti-aerazione\/\"><strong>Qui<\/strong><\/a> vi abbiamo raccontato la logica della manutenzione e delle verifiche periodiche come fattore chiave per efficienza e salubrit\u00e0.<\/p>\n\n\n\n<h3 class=\"wp-block-heading\"><span class=\"ez-toc-section\" id=\"2_Manutenzione_e_igiene_degli_impianti_aeraulici_con_metodo\"><\/span>2) Manutenzione e igiene degli impianti aeraulici (con metodo)<span class=\"ez-toc-section-end\"><\/span><\/h3>\n\n\n\n<p><\/p>\n\n\n\n<p>La <a href=\"https:\/\/www.cointecsrl.it\/cms\/news\/cosa-e-una-unita-di-trattamento-dell-aria\/\"><strong>manutenzione<\/strong><\/a> non \u00e8 solo \u201cpulizia estetica\u201d: quando si parla di igiene aeraulica, conta la <strong>completezza dell\u2019intervento<\/strong> e la sequenza corretta delle fasi (pulizia meccanica, eventuale disinfezione, ispezione post, relazione tecnica, piano di controllo).<\/p>\n\n\n\n<h3 class=\"wp-block-heading\"><span class=\"ez-toc-section\" id=\"3_Monitoraggio_la_CO%E2%82%82_come_indicatore_pratico_e_non_solo\"><\/span>3) Monitoraggio: la CO\u2082 come indicatore pratico (e non solo)<span class=\"ez-toc-section-end\"><\/span><\/h3>\n\n\n\n<p><\/p>\n\n\n\n<p>Tra i parametri utili, la <strong>CO\u2082<\/strong> \u00e8 spesso una metrica concreta per leggere il ricambio d\u2019aria e l\u2019occupazione degli ambienti. L\u2019<a href=\"https:\/\/www.iss.it\/documents\/20126\/6703853\/NT_co2_DEF.pdf\/\"><strong>Istituto Superiore di Sanit\u00e0<\/strong><\/a> ha pubblicato un documento tecnico sull\u2019uso della CO\u2082 come guida negli ambienti indoor.<\/p>\n\n\n\n<p>Attenzione: il monitoraggio serve quando porta a <strong>azioni correttive<\/strong> (tarature, portate, orari di funzionamento, manutenzione, verifica filtri). <a href=\"https:\/\/www.cointecsrl.it\/cms\/news\/monitoraggio-aria-indoor-per-ambienti-davvero-sani\/\"><strong>Qui<\/strong><\/a> un utile inquadramento del monitoraggio, secondo questo schema: dati \u2192 decisioni \u2192 evidenze.<\/p>\n\n\n<div class=\"wp-block-image\">\n<figure class=\"aligncenter size-full\"><img decoding=\"async\" width=\"1024\" height=\"576\" src=\"https:\/\/www.cointecsrl.it\/cms\/wp-content\/uploads\/2026\/01\/3-1.jpg\" alt=\"Epidemia colposa omissiva\" class=\"wp-image-20133\" srcset=\"https:\/\/www.cointecsrl.it\/cms\/wp-content\/uploads\/2026\/01\/3-1.jpg 1024w, https:\/\/www.cointecsrl.it\/cms\/wp-content\/uploads\/2026\/01\/3-1-300x169.jpg 300w, https:\/\/www.cointecsrl.it\/cms\/wp-content\/uploads\/2026\/01\/3-1-768x432.jpg 768w, https:\/\/www.cointecsrl.it\/cms\/wp-content\/uploads\/2026\/01\/3-1-700x394.jpg 700w, https:\/\/www.cointecsrl.it\/cms\/wp-content\/uploads\/2026\/01\/3-1-539x303.jpg 539w\" sizes=\"(max-width: 1024px) 100vw, 1024px\" \/><\/figure>\n<\/div>\n\n\n<p><\/p>\n\n\n\n<p>Hai bisogno di assistenza per il monitoraggio dell\u2019aria nella tua azienda?<\/p>\n\n\n\n<p><a href=\"https:\/\/www.cointecsrl.it\/cms\/#contatto\"><strong>Contattaci e richiedi una consulenza<\/strong><\/a><a href=\"https:\/\/www.cointecsrl.it\/cms\/#contatto\">.<\/a><\/p>\n\n\n\n<h3 class=\"wp-block-heading\"><span class=\"ez-toc-section\" id=\"4_Evidenze_tecniche_e_documentazione_il_%E2%80%9Cregistro%E2%80%9D_che_fa_la_differenza\"><\/span>4) Evidenze tecniche e documentazione: il \u201cregistro\u201d che fa la differenza<span class=\"ez-toc-section-end\"><\/span><\/h3>\n\n\n\n<p><\/p>\n\n\n\n<p>In ottica di responsabilit\u00e0, la documentazione non \u00e8 burocrazia: \u00e8 <strong>tracciabilit\u00e0<\/strong>.<\/p>\n\n\n\n<p>Alcuni esempi:<\/p>\n\n\n\n<ul class=\"wp-block-list\">\n<li>schede intervento e check-list,<\/li>\n\n\n\n<li>report fotografici pre\/post,<\/li>\n\n\n\n<li>esiti videoispezioni,<\/li>\n\n\n\n<li>relazioni tecniche,<\/li>\n\n\n\n<li>piani di sorveglianza,<\/li>\n\n\n\n<li>(dove previsto) esiti di campionamenti fisici e microbiologici.<\/li>\n<\/ul>\n\n\n\n<p><\/p>\n\n\n\n<p><a href=\"https:\/\/www.cointecsrl.it\/cms\/verifiche-igieniche-bonifiche-e-sanificazione\/#Metodo_Cointec\"><strong>Cointec<\/strong><\/a> evidenzia quanto la <strong>relazione tecnica finale<\/strong> e l\u2019<strong>ispezione post-bonifica<\/strong> siano decisive per certificare l\u2019efficacia e per programmare i controlli successivi.<\/p>\n\n\n\n<h3 class=\"wp-block-heading\"><span class=\"ez-toc-section\" id=\"5_Campionamenti_e_analisi_microbiologiche_quando_servono_e_come_impostarle\"><\/span>5) Campionamenti e analisi microbiologiche: quando servono (e come impostarle)<span class=\"ez-toc-section-end\"><\/span><\/h3>\n\n\n\n<p><\/p>\n\n\n\n<p>In alcuni contesti, oltre ai parametri fisico-chimici, \u00e8 utile ragionare su <strong>campionamenti microbiologici<\/strong> secondo criteri e protocolli coerenti con le buone pratiche di settore.<\/p>\n\n\n\n<p>Cointec ha dedicato un <a href=\"https:\/\/www.cointecsrl.it\/cms\/news\/campionamento-microbiologico-degli-impianti-aeraulici\/\"><strong>approfondimento specifico<\/strong><\/a> al tema del campionamento microbiologico degli impianti aeraulici.<\/p>\n\n\n\n<p>Se questa notizia e questo tema ci insegnano qualcosa, \u00e8 che <strong>la prevenzione efficace \u00e8 quella organizzata<\/strong>: un mix di verifiche, monitoraggio, interventi mirati e documentazione.<\/p>\n\n\n\n<p>A seconda del contesto:<\/p>\n\n\n\n<ul class=\"wp-block-list\">\n<li>in azienda pu\u00f2 essere utile ragionare sulla <strong>pulizia e igiene dei terminali<\/strong> (es. <a href=\"https:\/\/www.cointecsrl.it\/cms\/coolclean-pulizia-professionale-fancoil-aziende\/\"><strong>fancoil<\/strong><\/a>) e sull\u2019impostazione di un piano verifiche;<\/li>\n\n\n\n<li>in ambito domestico, la corretta manutenzione dei sistemi di ventilazione (es. <a href=\"https:\/\/www.cointecsrl.it\/cms\/domusaircare-pulizia-della-vmc-in-casa\/\"><strong>VMC<\/strong><\/a>) \u00e8 parte della gestione della qualit\u00e0 dell\u2019aria.<\/li>\n<\/ul>\n\n\n\n<p><\/p>\n\n\n\n<h2 class=\"wp-block-heading\"><span class=\"ez-toc-section\" id=\"Checklist_rapida_10_segnali_che_meritano_attenzione_senza_panico\"><\/span>Checklist rapida: 10 segnali che meritano attenzione (senza panico)<span class=\"ez-toc-section-end\"><\/span><\/h2>\n\n\n\n<p>Se ti riconosci in pi\u00f9 di 2\u20133 punti, vale la pena fare un <a href=\"https:\/\/www.cointecsrl.it\/cms\/contatti\/\"><strong>check<\/strong><\/a> pi\u00f9 strutturato:<\/p>\n\n\n\n<ul class=\"wp-block-list\" type=\"1\" start=\"1\">\n<li>odori ricorrenti quando parte l\u2019impianto,<\/li>\n\n\n\n<li>aria \u201cpesante\u201d a fine giornata in sale riunioni \/ aule,<\/li>\n\n\n\n<li>lamentele frequenti (mal di testa, secchezza, irritazioni),<\/li>\n\n\n\n<li>condensa o muffe che tornano,<\/li>\n\n\n\n<li>filtri sostituiti \u201ca sentimento\u201d o senza calendario,<\/li>\n\n\n\n<li>impianti mai verificati internamente (soprattutto dopo lavori o ristrutturazioni),<\/li>\n\n\n\n<li>polvere anomala vicino alle bocchette,<\/li>\n\n\n\n<li>locali molto affollati senza misurazioni (CO\u2082),<\/li>\n\n\n\n<li>aumentano guasti e calano prestazioni (costi che salgono),<\/li>\n\n\n\n<li>mancano report o documenti che raccontino cosa \u00e8 stato fatto.<\/li>\n<\/ul>\n\n\n\n<p><\/p>\n\n\n\n<p>Se vuoi capire quali evidenze \u00e8 utile raccogliere, come impostare un <strong>piano di verifiche igienico-sanitarie<\/strong> e quali <strong>indicatori monitorare<\/strong> per la <strong>qualit\u00e0 dell\u2019aria indoor<\/strong>, Cointec pu\u00f2 supportarti con un approccio tecnico e documentabile, pensato anche per rispondere ai profili di responsabilit\u00e0 connessi all\u2019epidemia colposa omissiva.<\/p>\n\n\n\n<p><a href=\"https:\/\/www.cointecsrl.it\/cms\/contatti\/\"><strong>Contattaci<\/strong><\/a>!<\/p>\n\n\n\n<p>Per informazioni: <a href=\"mailto:igiene@cointecsrl.it\"><strong>igiene@cointecsrl.it<\/strong><\/a><strong> <\/strong>&#8211; <a href=\"tel:+390396902682\"><strong>039 6902682<\/strong><\/a><\/p>\n\n\n\n<p><\/p>\n\n\n\n<h2 class=\"wp-block-heading\"><span class=\"ez-toc-section\" id=\"Domande_frequenti_su_epidemia_colposa_omissiva_e_gestione_degli_impianti_indoor\"><\/span>Domande frequenti su epidemia colposa omissiva e gestione degli impianti indoor<span class=\"ez-toc-section-end\"><\/span><\/h2>\n\n\n\n<p><\/p>\n\n\n\n<div class=\"wp-block-group\"><div class=\"wp-block-group__inner-container is-layout-constrained wp-block-group-is-layout-constrained\">\n<div class=\"schema-faq wp-block-yoast-faq-block\"><div class=\"schema-faq-section\" id=\"faq-question-1769506659239\"><strong class=\"schema-faq-question\"><strong>Epidemia colposa omissiva significa che basta una mancata manutenzione per configurare un reato?<\/strong><\/strong> <p class=\"schema-faq-answer\">No: la giurisprudenza richiede presupposti specifici (obbligo giuridico, nesso causale, colpa). La notizia, per\u00f2, rafforza l\u2019idea che l\u2019omissione di misure doverose pu\u00f2 diventare rilevante quando si gestiscono rischi che impattano la salute collettiva.<\/p> <\/div> <div class=\"schema-faq-section\" id=\"faq-question-1769506684818\"><strong class=\"schema-faq-question\"><strong>Chi \u00e8 tipicamente \u201cin posizione di garanzia\u201d in un\u2019organizzazione?<\/strong><\/strong> <p class=\"schema-faq-answer\">Dipende dall\u2019assetto organizzativo, ma in generale rientrano ruoli con responsabilit\u00e0 di prevenzione e gestione (datore di lavoro, dirigenti, figure HSE\/RSPP, preposti, facility). \u00c8 il punto sottolineato anche nei commenti alla pronuncia.<\/p> <\/div> <div class=\"schema-faq-section\" id=\"faq-question-1769506699092\"><strong class=\"schema-faq-question\"><strong>Perch\u00e9 si parla di CO\u2082 quando si parla di qualit\u00e0 dell\u2019aria indoor?<\/strong><\/strong> <p class=\"schema-faq-answer\">Perch\u00e9 la CO\u2082 pu\u00f2 essere un indicatore pratico del ricambio d\u2019aria e dell\u2019occupazione. L\u2019ISS ha pubblicato indicazioni tecniche sull\u2019uso delle misurazioni di CO\u2082 come guida in ambienti indoor.<\/p> <\/div> <div class=\"schema-faq-section\" id=\"faq-question-1769506719018\"><strong class=\"schema-faq-question\"><strong>Che differenza c\u2019\u00e8 tra pulizia e bonifica o sanificazione degli impianti dell\u2019aria?<\/strong><\/strong> <p class=\"schema-faq-answer\">La differenza sta nel metodo, nella completezza e nella sequenza corretta delle fasi: pulizia meccanica, eventuale disinfezione, ispezioni e verifiche post, relazione tecnica e piano di controllo.<br\/><\/p> <\/div> <\/div>\n<\/div><\/div>\n","protected":false},"excerpt":{"rendered":"<p>Responsabilit\u00e0 e prevenzione nei luoghi chiusi: cosa cambia con l\u2019epidemia colposa omissiva e quali misure adottare sugli impianti dell&#8217;aria.<\/p>\n","protected":false},"author":1,"featured_media":20131,"comment_status":"closed","ping_status":"open","sticky":false,"template":"","format":"standard","meta":{"footnotes":""},"categories":[180],"tags":[],"class_list":["post-20121","post","type-post","status-publish","format-standard","has-post-thumbnail","hentry","category-news"],"yoast_head":"<!-- This site is optimized with the Yoast SEO plugin v27.1.1 - https:\/\/yoast.com\/product\/yoast-seo-wordpress\/ -->\n<title>Epidemia colposa omissiva: info per datori di lavoro - Cointec Srl<\/title>\n<meta name=\"description\" content=\"Responsabilit\u00e0 e prevenzione nei luoghi chiusi: cosa cambia con l\u2019epidemia colposa omissiva e quali misure adottare sugli impianti dell&#039;aria.\" \/>\n<meta name=\"robots\" content=\"index, follow, max-snippet:-1, max-image-preview:large, max-video-preview:-1\" \/>\n<link rel=\"canonical\" href=\"https:\/\/www.cointecsrl.it\/cms\/news\/epidemia-colposa-omissiva-aria-indoor\/\" \/>\n<meta property=\"og:locale\" content=\"it_IT\" \/>\n<meta property=\"og:type\" content=\"article\" \/>\n<meta property=\"og:title\" content=\"Epidemia colposa omissiva: info per datori di lavoro\" \/>\n<meta property=\"og:description\" content=\"Responsabilit\u00e0 e prevenzione nei luoghi chiusi: cosa cambia con l\u2019epidemia colposa omissiva e quali misure adottare sugli impianti dell&#039;aria.\" \/>\n<meta property=\"og:url\" content=\"https:\/\/www.cointecsrl.it\/cms\/news\/epidemia-colposa-omissiva-aria-indoor\/\" \/>\n<meta property=\"og:site_name\" content=\"Cointec Srl\" \/>\n<meta property=\"article:published_time\" content=\"2026-01-27T16:38:25+00:00\" \/>\n<meta property=\"article:modified_time\" content=\"2026-01-27T16:38:27+00:00\" \/>\n<meta property=\"og:image\" content=\"https:\/\/www.cointecsrl.it\/cms\/wp-content\/uploads\/2026\/01\/1-1.jpg\" \/>\n\t<meta property=\"og:image:width\" content=\"1024\" \/>\n\t<meta property=\"og:image:height\" content=\"576\" \/>\n\t<meta property=\"og:image:type\" content=\"image\/jpeg\" \/>\n<meta name=\"author\" content=\"Cointec\" \/>\n<meta name=\"twitter:card\" content=\"summary_large_image\" \/>\n<meta name=\"twitter:label1\" content=\"Scritto da\" \/>\n\t<meta name=\"twitter:data1\" content=\"Cointec\" \/>\n\t<meta name=\"twitter:label2\" content=\"Tempo di lettura stimato\" \/>\n\t<meta name=\"twitter:data2\" content=\"8 minuti\" \/>\n<script type=\"application\/ld+json\" class=\"yoast-schema-graph\">{\"@context\":\"https:\/\/schema.org\",\"@graph\":[{\"@type\":\"Article\",\"@id\":\"https:\/\/www.cointecsrl.it\/cms\/news\/epidemia-colposa-omissiva-aria-indoor\/#article\",\"isPartOf\":{\"@id\":\"https:\/\/www.cointecsrl.it\/cms\/news\/epidemia-colposa-omissiva-aria-indoor\/\"},\"author\":{\"name\":\"Cointec\",\"@id\":\"https:\/\/www.cointecsrl.it\/cms\/#\/schema\/person\/db2b6ccdd71e399c9f8acf2e79390573\"},\"headline\":\"Epidemia colposa omissiva: cosa significa per chi gestisce ambienti indoor (e perch\u00e9 la prevenzione parte dagli impianti)\",\"datePublished\":\"2026-01-27T16:38:25+00:00\",\"dateModified\":\"2026-01-27T16:38:27+00:00\",\"mainEntityOfPage\":{\"@id\":\"https:\/\/www.cointecsrl.it\/cms\/news\/epidemia-colposa-omissiva-aria-indoor\/\"},\"wordCount\":1264,\"image\":{\"@id\":\"https:\/\/www.cointecsrl.it\/cms\/news\/epidemia-colposa-omissiva-aria-indoor\/#primaryimage\"},\"thumbnailUrl\":\"https:\/\/www.cointecsrl.it\/cms\/wp-content\/uploads\/2026\/01\/1-1.jpg\",\"articleSection\":[\"News\"],\"inLanguage\":\"it-IT\"},{\"@type\":[\"WebPage\",\"FAQPage\"],\"@id\":\"https:\/\/www.cointecsrl.it\/cms\/news\/epidemia-colposa-omissiva-aria-indoor\/\",\"url\":\"https:\/\/www.cointecsrl.it\/cms\/news\/epidemia-colposa-omissiva-aria-indoor\/\",\"name\":\"Epidemia colposa omissiva: info per datori di lavoro - Cointec Srl\",\"isPartOf\":{\"@id\":\"https:\/\/www.cointecsrl.it\/cms\/#website\"},\"primaryImageOfPage\":{\"@id\":\"https:\/\/www.cointecsrl.it\/cms\/news\/epidemia-colposa-omissiva-aria-indoor\/#primaryimage\"},\"image\":{\"@id\":\"https:\/\/www.cointecsrl.it\/cms\/news\/epidemia-colposa-omissiva-aria-indoor\/#primaryimage\"},\"thumbnailUrl\":\"https:\/\/www.cointecsrl.it\/cms\/wp-content\/uploads\/2026\/01\/1-1.jpg\",\"datePublished\":\"2026-01-27T16:38:25+00:00\",\"dateModified\":\"2026-01-27T16:38:27+00:00\",\"author\":{\"@id\":\"https:\/\/www.cointecsrl.it\/cms\/#\/schema\/person\/db2b6ccdd71e399c9f8acf2e79390573\"},\"description\":\"Responsabilit\u00e0 e prevenzione nei luoghi chiusi: cosa cambia con l\u2019epidemia colposa omissiva e quali misure adottare sugli impianti dell'aria.\",\"breadcrumb\":{\"@id\":\"https:\/\/www.cointecsrl.it\/cms\/news\/epidemia-colposa-omissiva-aria-indoor\/#breadcrumb\"},\"mainEntity\":[{\"@id\":\"https:\/\/www.cointecsrl.it\/cms\/news\/epidemia-colposa-omissiva-aria-indoor\/#faq-question-1769506659239\"},{\"@id\":\"https:\/\/www.cointecsrl.it\/cms\/news\/epidemia-colposa-omissiva-aria-indoor\/#faq-question-1769506684818\"},{\"@id\":\"https:\/\/www.cointecsrl.it\/cms\/news\/epidemia-colposa-omissiva-aria-indoor\/#faq-question-1769506699092\"},{\"@id\":\"https:\/\/www.cointecsrl.it\/cms\/news\/epidemia-colposa-omissiva-aria-indoor\/#faq-question-1769506719018\"}],\"inLanguage\":\"it-IT\",\"potentialAction\":[{\"@type\":\"ReadAction\",\"target\":[\"https:\/\/www.cointecsrl.it\/cms\/news\/epidemia-colposa-omissiva-aria-indoor\/\"]}]},{\"@type\":\"ImageObject\",\"inLanguage\":\"it-IT\",\"@id\":\"https:\/\/www.cointecsrl.it\/cms\/news\/epidemia-colposa-omissiva-aria-indoor\/#primaryimage\",\"url\":\"https:\/\/www.cointecsrl.it\/cms\/wp-content\/uploads\/2026\/01\/1-1.jpg\",\"contentUrl\":\"https:\/\/www.cointecsrl.it\/cms\/wp-content\/uploads\/2026\/01\/1-1.jpg\",\"width\":1024,\"height\":576,\"caption\":\"Epidemia colposa omissiva\"},{\"@type\":\"BreadcrumbList\",\"@id\":\"https:\/\/www.cointecsrl.it\/cms\/news\/epidemia-colposa-omissiva-aria-indoor\/#breadcrumb\",\"itemListElement\":[{\"@type\":\"ListItem\",\"position\":1,\"name\":\"Home\",\"item\":\"https:\/\/www.cointecsrl.it\/cms\/\"},{\"@type\":\"ListItem\",\"position\":2,\"name\":\"Epidemia colposa omissiva: cosa significa per chi gestisce ambienti indoor (e perch\u00e9 la prevenzione parte dagli impianti)\"}]},{\"@type\":\"WebSite\",\"@id\":\"https:\/\/www.cointecsrl.it\/cms\/#website\",\"url\":\"https:\/\/www.cointecsrl.it\/cms\/\",\"name\":\"Cointec Srl\",\"description\":\"Filtrazione e depurazione dell&#039;aria\",\"potentialAction\":[{\"@type\":\"SearchAction\",\"target\":{\"@type\":\"EntryPoint\",\"urlTemplate\":\"https:\/\/www.cointecsrl.it\/cms\/?s={search_term_string}\"},\"query-input\":{\"@type\":\"PropertyValueSpecification\",\"valueRequired\":true,\"valueName\":\"search_term_string\"}}],\"inLanguage\":\"it-IT\"},{\"@type\":\"Person\",\"@id\":\"https:\/\/www.cointecsrl.it\/cms\/#\/schema\/person\/db2b6ccdd71e399c9f8acf2e79390573\",\"name\":\"Cointec\",\"image\":{\"@type\":\"ImageObject\",\"inLanguage\":\"it-IT\",\"@id\":\"https:\/\/www.cointecsrl.it\/cms\/#\/schema\/person\/image\/\",\"url\":\"https:\/\/secure.gravatar.com\/avatar\/f359b2e35bf56290301f364dffc6909c1c9a46eebcebd07dcd8edf94d3a79421?s=96&d=mm&r=g\",\"contentUrl\":\"https:\/\/secure.gravatar.com\/avatar\/f359b2e35bf56290301f364dffc6909c1c9a46eebcebd07dcd8edf94d3a79421?s=96&d=mm&r=g\",\"caption\":\"Cointec\"},\"url\":\"https:\/\/www.cointecsrl.it\/cms\/author\/admin\/\"},{\"@type\":\"Question\",\"@id\":\"https:\/\/www.cointecsrl.it\/cms\/news\/epidemia-colposa-omissiva-aria-indoor\/#faq-question-1769506659239\",\"position\":1,\"url\":\"https:\/\/www.cointecsrl.it\/cms\/news\/epidemia-colposa-omissiva-aria-indoor\/#faq-question-1769506659239\",\"name\":\"Epidemia colposa omissiva significa che basta una mancata manutenzione per configurare un reato?\",\"answerCount\":1,\"acceptedAnswer\":{\"@type\":\"Answer\",\"text\":\"No: la giurisprudenza richiede presupposti specifici (obbligo giuridico, nesso causale, colpa). La notizia, per\u00f2, rafforza l\u2019idea che l\u2019omissione di misure doverose pu\u00f2 diventare rilevante quando si gestiscono rischi che impattano la salute collettiva.\",\"inLanguage\":\"it-IT\"},\"inLanguage\":\"it-IT\"},{\"@type\":\"Question\",\"@id\":\"https:\/\/www.cointecsrl.it\/cms\/news\/epidemia-colposa-omissiva-aria-indoor\/#faq-question-1769506684818\",\"position\":2,\"url\":\"https:\/\/www.cointecsrl.it\/cms\/news\/epidemia-colposa-omissiva-aria-indoor\/#faq-question-1769506684818\",\"name\":\"Chi \u00e8 tipicamente \u201cin posizione di garanzia\u201d in un\u2019organizzazione?\",\"answerCount\":1,\"acceptedAnswer\":{\"@type\":\"Answer\",\"text\":\"Dipende dall\u2019assetto organizzativo, ma in generale rientrano ruoli con responsabilit\u00e0 di prevenzione e gestione (datore di lavoro, dirigenti, figure HSE\/RSPP, preposti, facility). \u00c8 il punto sottolineato anche nei commenti alla pronuncia.\",\"inLanguage\":\"it-IT\"},\"inLanguage\":\"it-IT\"},{\"@type\":\"Question\",\"@id\":\"https:\/\/www.cointecsrl.it\/cms\/news\/epidemia-colposa-omissiva-aria-indoor\/#faq-question-1769506699092\",\"position\":3,\"url\":\"https:\/\/www.cointecsrl.it\/cms\/news\/epidemia-colposa-omissiva-aria-indoor\/#faq-question-1769506699092\",\"name\":\"Perch\u00e9 si parla di CO\u2082 quando si parla di qualit\u00e0 dell\u2019aria indoor?\",\"answerCount\":1,\"acceptedAnswer\":{\"@type\":\"Answer\",\"text\":\"Perch\u00e9 la CO\u2082 pu\u00f2 essere un indicatore pratico del ricambio d\u2019aria e dell\u2019occupazione. L\u2019ISS ha pubblicato indicazioni tecniche sull\u2019uso delle misurazioni di CO\u2082 come guida in ambienti indoor.\",\"inLanguage\":\"it-IT\"},\"inLanguage\":\"it-IT\"},{\"@type\":\"Question\",\"@id\":\"https:\/\/www.cointecsrl.it\/cms\/news\/epidemia-colposa-omissiva-aria-indoor\/#faq-question-1769506719018\",\"position\":4,\"url\":\"https:\/\/www.cointecsrl.it\/cms\/news\/epidemia-colposa-omissiva-aria-indoor\/#faq-question-1769506719018\",\"name\":\"Che differenza c\u2019\u00e8 tra pulizia e bonifica o sanificazione degli impianti dell\u2019aria?\",\"answerCount\":1,\"acceptedAnswer\":{\"@type\":\"Answer\",\"text\":\"La differenza sta nel metodo, nella completezza e nella sequenza corretta delle fasi: pulizia meccanica, eventuale disinfezione, ispezioni e verifiche post, relazione tecnica e piano di controllo.<br\/>\",\"inLanguage\":\"it-IT\"},\"inLanguage\":\"it-IT\"}]}<\/script>\n<!-- \/ Yoast SEO plugin. -->","yoast_head_json":{"title":"Epidemia colposa omissiva: info per datori di lavoro - Cointec Srl","description":"Responsabilit\u00e0 e prevenzione nei luoghi chiusi: cosa cambia con l\u2019epidemia colposa omissiva e quali misure adottare sugli impianti dell'aria.","robots":{"index":"index","follow":"follow","max-snippet":"max-snippet:-1","max-image-preview":"max-image-preview:large","max-video-preview":"max-video-preview:-1"},"canonical":"https:\/\/www.cointecsrl.it\/cms\/news\/epidemia-colposa-omissiva-aria-indoor\/","og_locale":"it_IT","og_type":"article","og_title":"Epidemia colposa omissiva: info per datori di lavoro","og_description":"Responsabilit\u00e0 e prevenzione nei luoghi chiusi: cosa cambia con l\u2019epidemia colposa omissiva e quali misure adottare sugli impianti dell'aria.","og_url":"https:\/\/www.cointecsrl.it\/cms\/news\/epidemia-colposa-omissiva-aria-indoor\/","og_site_name":"Cointec Srl","article_published_time":"2026-01-27T16:38:25+00:00","article_modified_time":"2026-01-27T16:38:27+00:00","og_image":[{"width":1024,"height":576,"url":"https:\/\/www.cointecsrl.it\/cms\/wp-content\/uploads\/2026\/01\/1-1.jpg","type":"image\/jpeg"}],"author":"Cointec","twitter_card":"summary_large_image","twitter_misc":{"Scritto da":"Cointec","Tempo di lettura stimato":"8 minuti"},"schema":{"@context":"https:\/\/schema.org","@graph":[{"@type":"Article","@id":"https:\/\/www.cointecsrl.it\/cms\/news\/epidemia-colposa-omissiva-aria-indoor\/#article","isPartOf":{"@id":"https:\/\/www.cointecsrl.it\/cms\/news\/epidemia-colposa-omissiva-aria-indoor\/"},"author":{"name":"Cointec","@id":"https:\/\/www.cointecsrl.it\/cms\/#\/schema\/person\/db2b6ccdd71e399c9f8acf2e79390573"},"headline":"Epidemia colposa omissiva: cosa significa per chi gestisce ambienti indoor (e perch\u00e9 la prevenzione parte dagli impianti)","datePublished":"2026-01-27T16:38:25+00:00","dateModified":"2026-01-27T16:38:27+00:00","mainEntityOfPage":{"@id":"https:\/\/www.cointecsrl.it\/cms\/news\/epidemia-colposa-omissiva-aria-indoor\/"},"wordCount":1264,"image":{"@id":"https:\/\/www.cointecsrl.it\/cms\/news\/epidemia-colposa-omissiva-aria-indoor\/#primaryimage"},"thumbnailUrl":"https:\/\/www.cointecsrl.it\/cms\/wp-content\/uploads\/2026\/01\/1-1.jpg","articleSection":["News"],"inLanguage":"it-IT"},{"@type":["WebPage","FAQPage"],"@id":"https:\/\/www.cointecsrl.it\/cms\/news\/epidemia-colposa-omissiva-aria-indoor\/","url":"https:\/\/www.cointecsrl.it\/cms\/news\/epidemia-colposa-omissiva-aria-indoor\/","name":"Epidemia colposa omissiva: info per datori di lavoro - Cointec Srl","isPartOf":{"@id":"https:\/\/www.cointecsrl.it\/cms\/#website"},"primaryImageOfPage":{"@id":"https:\/\/www.cointecsrl.it\/cms\/news\/epidemia-colposa-omissiva-aria-indoor\/#primaryimage"},"image":{"@id":"https:\/\/www.cointecsrl.it\/cms\/news\/epidemia-colposa-omissiva-aria-indoor\/#primaryimage"},"thumbnailUrl":"https:\/\/www.cointecsrl.it\/cms\/wp-content\/uploads\/2026\/01\/1-1.jpg","datePublished":"2026-01-27T16:38:25+00:00","dateModified":"2026-01-27T16:38:27+00:00","author":{"@id":"https:\/\/www.cointecsrl.it\/cms\/#\/schema\/person\/db2b6ccdd71e399c9f8acf2e79390573"},"description":"Responsabilit\u00e0 e prevenzione nei luoghi chiusi: cosa cambia con l\u2019epidemia colposa omissiva e quali misure adottare sugli impianti dell'aria.","breadcrumb":{"@id":"https:\/\/www.cointecsrl.it\/cms\/news\/epidemia-colposa-omissiva-aria-indoor\/#breadcrumb"},"mainEntity":[{"@id":"https:\/\/www.cointecsrl.it\/cms\/news\/epidemia-colposa-omissiva-aria-indoor\/#faq-question-1769506659239"},{"@id":"https:\/\/www.cointecsrl.it\/cms\/news\/epidemia-colposa-omissiva-aria-indoor\/#faq-question-1769506684818"},{"@id":"https:\/\/www.cointecsrl.it\/cms\/news\/epidemia-colposa-omissiva-aria-indoor\/#faq-question-1769506699092"},{"@id":"https:\/\/www.cointecsrl.it\/cms\/news\/epidemia-colposa-omissiva-aria-indoor\/#faq-question-1769506719018"}],"inLanguage":"it-IT","potentialAction":[{"@type":"ReadAction","target":["https:\/\/www.cointecsrl.it\/cms\/news\/epidemia-colposa-omissiva-aria-indoor\/"]}]},{"@type":"ImageObject","inLanguage":"it-IT","@id":"https:\/\/www.cointecsrl.it\/cms\/news\/epidemia-colposa-omissiva-aria-indoor\/#primaryimage","url":"https:\/\/www.cointecsrl.it\/cms\/wp-content\/uploads\/2026\/01\/1-1.jpg","contentUrl":"https:\/\/www.cointecsrl.it\/cms\/wp-content\/uploads\/2026\/01\/1-1.jpg","width":1024,"height":576,"caption":"Epidemia colposa omissiva"},{"@type":"BreadcrumbList","@id":"https:\/\/www.cointecsrl.it\/cms\/news\/epidemia-colposa-omissiva-aria-indoor\/#breadcrumb","itemListElement":[{"@type":"ListItem","position":1,"name":"Home","item":"https:\/\/www.cointecsrl.it\/cms\/"},{"@type":"ListItem","position":2,"name":"Epidemia colposa omissiva: cosa significa per chi gestisce ambienti indoor (e perch\u00e9 la prevenzione parte dagli impianti)"}]},{"@type":"WebSite","@id":"https:\/\/www.cointecsrl.it\/cms\/#website","url":"https:\/\/www.cointecsrl.it\/cms\/","name":"Cointec Srl","description":"Filtrazione e depurazione dell&#039;aria","potentialAction":[{"@type":"SearchAction","target":{"@type":"EntryPoint","urlTemplate":"https:\/\/www.cointecsrl.it\/cms\/?s={search_term_string}"},"query-input":{"@type":"PropertyValueSpecification","valueRequired":true,"valueName":"search_term_string"}}],"inLanguage":"it-IT"},{"@type":"Person","@id":"https:\/\/www.cointecsrl.it\/cms\/#\/schema\/person\/db2b6ccdd71e399c9f8acf2e79390573","name":"Cointec","image":{"@type":"ImageObject","inLanguage":"it-IT","@id":"https:\/\/www.cointecsrl.it\/cms\/#\/schema\/person\/image\/","url":"https:\/\/secure.gravatar.com\/avatar\/f359b2e35bf56290301f364dffc6909c1c9a46eebcebd07dcd8edf94d3a79421?s=96&d=mm&r=g","contentUrl":"https:\/\/secure.gravatar.com\/avatar\/f359b2e35bf56290301f364dffc6909c1c9a46eebcebd07dcd8edf94d3a79421?s=96&d=mm&r=g","caption":"Cointec"},"url":"https:\/\/www.cointecsrl.it\/cms\/author\/admin\/"},{"@type":"Question","@id":"https:\/\/www.cointecsrl.it\/cms\/news\/epidemia-colposa-omissiva-aria-indoor\/#faq-question-1769506659239","position":1,"url":"https:\/\/www.cointecsrl.it\/cms\/news\/epidemia-colposa-omissiva-aria-indoor\/#faq-question-1769506659239","name":"Epidemia colposa omissiva significa che basta una mancata manutenzione per configurare un reato?","answerCount":1,"acceptedAnswer":{"@type":"Answer","text":"No: la giurisprudenza richiede presupposti specifici (obbligo giuridico, nesso causale, colpa). La notizia, per\u00f2, rafforza l\u2019idea che l\u2019omissione di misure doverose pu\u00f2 diventare rilevante quando si gestiscono rischi che impattano la salute collettiva.","inLanguage":"it-IT"},"inLanguage":"it-IT"},{"@type":"Question","@id":"https:\/\/www.cointecsrl.it\/cms\/news\/epidemia-colposa-omissiva-aria-indoor\/#faq-question-1769506684818","position":2,"url":"https:\/\/www.cointecsrl.it\/cms\/news\/epidemia-colposa-omissiva-aria-indoor\/#faq-question-1769506684818","name":"Chi \u00e8 tipicamente \u201cin posizione di garanzia\u201d in un\u2019organizzazione?","answerCount":1,"acceptedAnswer":{"@type":"Answer","text":"Dipende dall\u2019assetto organizzativo, ma in generale rientrano ruoli con responsabilit\u00e0 di prevenzione e gestione (datore di lavoro, dirigenti, figure HSE\/RSPP, preposti, facility). \u00c8 il punto sottolineato anche nei commenti alla pronuncia.","inLanguage":"it-IT"},"inLanguage":"it-IT"},{"@type":"Question","@id":"https:\/\/www.cointecsrl.it\/cms\/news\/epidemia-colposa-omissiva-aria-indoor\/#faq-question-1769506699092","position":3,"url":"https:\/\/www.cointecsrl.it\/cms\/news\/epidemia-colposa-omissiva-aria-indoor\/#faq-question-1769506699092","name":"Perch\u00e9 si parla di CO\u2082 quando si parla di qualit\u00e0 dell\u2019aria indoor?","answerCount":1,"acceptedAnswer":{"@type":"Answer","text":"Perch\u00e9 la CO\u2082 pu\u00f2 essere un indicatore pratico del ricambio d\u2019aria e dell\u2019occupazione. L\u2019ISS ha pubblicato indicazioni tecniche sull\u2019uso delle misurazioni di CO\u2082 come guida in ambienti indoor.","inLanguage":"it-IT"},"inLanguage":"it-IT"},{"@type":"Question","@id":"https:\/\/www.cointecsrl.it\/cms\/news\/epidemia-colposa-omissiva-aria-indoor\/#faq-question-1769506719018","position":4,"url":"https:\/\/www.cointecsrl.it\/cms\/news\/epidemia-colposa-omissiva-aria-indoor\/#faq-question-1769506719018","name":"Che differenza c\u2019\u00e8 tra pulizia e bonifica o sanificazione degli impianti dell\u2019aria?","answerCount":1,"acceptedAnswer":{"@type":"Answer","text":"La differenza sta nel metodo, nella completezza e nella sequenza corretta delle fasi: pulizia meccanica, eventuale disinfezione, ispezioni e verifiche post, relazione tecnica e piano di controllo.<br\/>","inLanguage":"it-IT"},"inLanguage":"it-IT"}]}},"_links":{"self":[{"href":"https:\/\/www.cointecsrl.it\/cms\/wp-json\/wp\/v2\/posts\/20121","targetHints":{"allow":["GET"]}}],"collection":[{"href":"https:\/\/www.cointecsrl.it\/cms\/wp-json\/wp\/v2\/posts"}],"about":[{"href":"https:\/\/www.cointecsrl.it\/cms\/wp-json\/wp\/v2\/types\/post"}],"author":[{"embeddable":true,"href":"https:\/\/www.cointecsrl.it\/cms\/wp-json\/wp\/v2\/users\/1"}],"replies":[{"embeddable":true,"href":"https:\/\/www.cointecsrl.it\/cms\/wp-json\/wp\/v2\/comments?post=20121"}],"version-history":[{"count":19,"href":"https:\/\/www.cointecsrl.it\/cms\/wp-json\/wp\/v2\/posts\/20121\/revisions"}],"predecessor-version":[{"id":20143,"href":"https:\/\/www.cointecsrl.it\/cms\/wp-json\/wp\/v2\/posts\/20121\/revisions\/20143"}],"wp:featuredmedia":[{"embeddable":true,"href":"https:\/\/www.cointecsrl.it\/cms\/wp-json\/wp\/v2\/media\/20131"}],"wp:attachment":[{"href":"https:\/\/www.cointecsrl.it\/cms\/wp-json\/wp\/v2\/media?parent=20121"}],"wp:term":[{"taxonomy":"category","embeddable":true,"href":"https:\/\/www.cointecsrl.it\/cms\/wp-json\/wp\/v2\/categories?post=20121"},{"taxonomy":"post_tag","embeddable":true,"href":"https:\/\/www.cointecsrl.it\/cms\/wp-json\/wp\/v2\/tags?post=20121"}],"curies":[{"name":"wp","href":"https:\/\/api.w.org\/{rel}","templated":true}]}}